{"id":4837,"date":"2020-04-21T10:03:09","date_gmt":"2020-04-21T08:03:09","guid":{"rendered":"http:\/\/os-tinjenova.splet.arnes.si\/?p=4837"},"modified":"2020-04-21T10:06:16","modified_gmt":"2020-04-21T08:06:16","slug":"svetovni-dan-knjige-cetrtek-23-4-2020","status":"publish","type":"post","link":"https:\/\/www.os-tinje.si\/?p=4837","title":{"rendered":"SVETOVNI DAN KNJIGE &#8211; \u010detrtek, 23. 4. 2020"},"content":{"rendered":"<p><strong><span style=\"color: #ff0000\">Svetovni dan\u00a0knjige je vsako leto \u00a023. aprila. Slovenija\u00a0je ena redkih\u00a0evropskih\u00a0dr\u017eav, ki praznik knjige praznuje en teden. \u00a0<a href=\"http:\/\/os-tinjenova.splet.arnes.si\/files\/2020\/04\/knjiga-1.jpg\"><img loading=\"lazy\" decoding=\"async\" class=\"wp-image-4839 alignleft\" src=\"http:\/\/os-tinjenova.splet.arnes.si\/files\/2020\/04\/knjiga-1.jpg\" alt=\"\" width=\"236\" height=\"157\" srcset=\"https:\/\/www.os-tinje.si\/files\/2020\/04\/knjiga-1.jpg 640w, https:\/\/www.os-tinje.si\/files\/2020\/04\/knjiga-1-300x200.jpg 300w\" sizes=\"(max-width: 236px) 100vw, 236px\" \/><\/a><\/span><\/strong><\/p>\n<p><span style=\"color: #000000\"><strong>Praznik je tesno povezan s knji\u017eevnostjo. <em>Tega dne \u00a0(leta 1616)\u00a0 sta umrla znamenita knji\u017eevnika:<\/em> Miguel de Cervantes in William Shakespeare. V po\u010dastitev obeh \u00a0in vseh knji\u017eevnikov sveta je UNESCO leta 1995 razglasil\u00a0 <\/strong><em><strong>23. april\u00a0 za svetovni dan knjige in avtorskih pravic. \u00a0\u00a0<\/strong> <\/em><\/span><\/p>\n<p><span style=\"color: #000000\"><strong><em>\u00a0<\/em>Ob svetovnem dnevu knjige in avtorskih pravic je <em>predsednik Dru\u0161tva slovenskih pisateljev Du\u0161an Merc<\/em> pripravil posebno <em>P O S L A N I C O\u00a0 \u2026<\/em><\/strong><\/span><\/p>\n<p><em>\u00bb<span style=\"color: #000000\">Ali ste kdaj iz kak\u0161nega romana iztrgali kak\u0161no stran, pre\u010drtali kak\u0161en stavek? \u010ce ste to storili, ste imeli prav. Ni se treba strinjati z vsem, kar pi\u0161e v knjigi. S tem groznim dejanjem ste samo dokazali, da imate odnos do sveta, ki mu pripadate. In tudi odnos do sveta nekoga drugega \u2013 avtorja. <\/span><\/em><span style=\"color: #000000\"><em>\u0160e enkrat poglejte knjigo, ki ste jo malo popravili, poglejte okoli sebe in prisluhnite. Ti\u0161ina je dobrodo\u0161la, da si re\u010dete knjiga je kontravirus. Ali ste opazili, da zato, ker berete romane in poezijo, bolje vidite in bolje sli\u0161ite? Ali ste opazili, da ste tudi, \u010de dobro pogledate vase ali pa se uzrete v zrcalu, v tem naklju\u010dnem zrcalu, ki vam ga nastavlja knjiga, druga\u010dni, celo lep\u0161i kakor ste za druge? Te spremembe niso znaki bolezni, niti niso naklju\u010dje neke narave, to je posledica knji\u017enega virusa. \u00ab\u00a0\u00a0 <\/em><em>(odlomek poslanice)<\/em><\/span><\/p>\n<p><span style=\"color: #000000\">Celotno poslanico lahko preberete na: <\/span><span style=\"color: #0000ff\"><a style=\"color: #0000ff\" href=\"https:\/\/mkc.si\/arhiv-dnevi-knjige\/2020\/4\/13\/poslanica-predsednika-drutva-slovenskih-pisateljev-duana-merca\">https:\/\/mkc.si\/arhiv-dnevi-knjige\/2020\/4\/13\/poslanica-predsednika-drutva-slovenskih-pisateljev-duana-merca<\/a><\/span><\/p>\n<hr \/>\n<p style=\"text-align: center\"><span style=\"color: #800000\"><strong>&#8220;Verjamem v \u010darovnijo, ki se lahko zgodi, ko beremo dobro knjigo.&#8221; \u00a0\u00a0\u00a0\u00a0\u00a0\u00a0\u00a0\u00a0\u00a0\u00a0\u00a0\u00a0\u00a0\u00a0\u00a0\u00a0\u00a0\u00a0\u00a0\u00a0<\/strong><\/span><br \/>\n<span style=\"color: #800000\"><strong> J. K. ROWLING<\/strong><\/span><\/p>\n<p><a href=\"http:\/\/os-tinjenova.splet.arnes.si\/files\/2020\/04\/knjiga-3.jpg\"><img loading=\"lazy\" decoding=\"async\" class=\"wp-image-4843 aligncenter\" src=\"http:\/\/os-tinjenova.splet.arnes.si\/files\/2020\/04\/knjiga-3-1024x600.jpg\" alt=\"\" width=\"379\" height=\"222\" srcset=\"https:\/\/www.os-tinje.si\/files\/2020\/04\/knjiga-3-1024x600.jpg 1024w, https:\/\/www.os-tinje.si\/files\/2020\/04\/knjiga-3-300x176.jpg 300w, https:\/\/www.os-tinje.si\/files\/2020\/04\/knjiga-3-768x450.jpg 768w, https:\/\/www.os-tinje.si\/files\/2020\/04\/knjiga-3-1080x633.jpg 1080w, https:\/\/www.os-tinje.si\/files\/2020\/04\/knjiga-3.jpg 1100w\" sizes=\"(max-width: 379px) 100vw, 379px\" \/><\/a><\/p>\n<p><span style=\"color: #000000\"><strong>Spo\u0161tovani star\u0161i in u\u010denci, objavljamo mo\u017enosti dostopa do brezpla\u010dnih e-knjig in zvo\u010dnih posnetkov razli\u010dnih zalo\u017eb.<\/strong><\/span><\/p>\n<p><a href=\"https:\/\/zalozba-zala.si\/brezplacne-eknjige\/\">https:\/\/zalozba-zala.si\/brezplacne-eknjige\/<\/a><em><br \/>\n<\/em><a href=\"https:\/\/www.mladinska.com\/skupina_mk\/novice\/brezplacnih-50-e-knjig-v-spletni-knjigarni-mladinske-knjige\">https:\/\/www.mladinska.com\/skupina_mk\/novice\/brezplacnih-50-e-knjig-v-spletni-knjigarni-mladinske-knjige<\/a><em>\u00a0\u00a0\u00a0\u00a0\u00a0 \u00a0<\/em><\/p>\n<p style=\"text-align: center\"><span style=\"color: #ff0000\">50 brezpla\u010dnih e-knjig<\/span><\/p>\n<p><strong>V dneh, ko so ljubitelji knjig in bralci prikraj\u0161ani za obiske knjigarn in knji\u017enic, bodo lahko na www.e-emka.si izbirali med 50 brezpla\u010dnimi e-knjigami za vse generacije in za razli\u010dne okuse.<br \/>\n<\/strong>Uporabniki imajo na povezavi<strong>\u00a0 <\/strong><a href=\"https:\/\/www.e-emka.si\/catalog\/show\/brezpla%C4%8Dne+eknjige\/68\u00a0\"><strong>https:\/\/www.e-emka.si\/catalog\/show\/brezpla%C4%8Dne+eknjige\/68\u00a0<\/strong><\/a> navodila za prijavo in seznam knjig, do katerih lahko dostopajo brezpla\u010dno.<\/p>\n<p>Na voljo so knjige za otroke in mladostnike, na primer\u00a0<em>Menjalnica sanj<\/em>\u00a0(Milan Dekleva),\u00a0<em>Pika Nogavi\u010dka\u00a0<\/em>(Astrid Lindgren),\u00a0<em>Absolutno resni\u010dni dnevnik Indijanca s polovi\u010dnim delovnim\u00a0\u010dasom<\/em>\u00a0(Sherman Alexie) \u2026<\/p>\n<p><a href=\"http:\/\/os-tinjenova.splet.arnes.si\/files\/2020\/04\/knjiga-2.jpg\"><img loading=\"lazy\" decoding=\"async\" class=\"wp-image-4841 aligncenter\" src=\"http:\/\/os-tinjenova.splet.arnes.si\/files\/2020\/04\/knjiga-2.jpg\" alt=\"\" width=\"282\" height=\"209\" srcset=\"https:\/\/www.os-tinje.si\/files\/2020\/04\/knjiga-2.jpg 503w, https:\/\/www.os-tinje.si\/files\/2020\/04\/knjiga-2-300x222.jpg 300w\" sizes=\"(max-width: 282px) 100vw, 282px\" \/><\/a><\/p>\n<p>&nbsp;<\/p>\n<p>&nbsp;<\/p>\n","protected":false},"excerpt":{"rendered":"<p>Svetovni dan\u00a0knjige je vsako leto \u00a023. aprila. Slovenija\u00a0je ena redkih\u00a0evropskih\u00a0dr\u017eav, ki praznik knjige praznuje en teden. \u00a0 Praznik je tesno povezan s knji\u017eevnostjo. Tega dne \u00a0(leta 1616)\u00a0 sta umrla znamenita knji\u017eevnika: Miguel de Cervantes in William Shakespeare. V po\u010dastitev obeh \u00a0in vseh knji\u017eevnikov sveta je UNESCO leta 1995 razglasil\u00a0 23. april\u00a0 za svetovni dan knjige [&hellip;]<\/p>\n","protected":false},"author":2887,"featured_media":0,"comment_status":"closed","ping_status":"closed","sticky":false,"template":"","format":"standard","meta":{"_et_pb_use_builder":"","_et_pb_old_content":"","_et_gb_content_width":"","ngg_post_thumbnail":0,"footnotes":""},"categories":[1],"tags":[],"class_list":["post-4837","post","type-post","status-publish","format-standard","hentry","category-nerazvrsceno"],"_links":{"self":[{"href":"https:\/\/www.os-tinje.si\/index.php?rest_route=\/wp\/v2\/posts\/4837","targetHints":{"allow":["GET"]}}],"collection":[{"href":"https:\/\/www.os-tinje.si\/index.php?rest_route=\/wp\/v2\/posts"}],"about":[{"href":"https:\/\/www.os-tinje.si\/index.php?rest_route=\/wp\/v2\/types\/post"}],"author":[{"embeddable":true,"href":"https:\/\/www.os-tinje.si\/index.php?rest_route=\/wp\/v2\/users\/2887"}],"replies":[{"embeddable":true,"href":"https:\/\/www.os-tinje.si\/index.php?rest_route=%2Fwp%2Fv2%2Fcomments&post=4837"}],"version-history":[{"count":4,"href":"https:\/\/www.os-tinje.si\/index.php?rest_route=\/wp\/v2\/posts\/4837\/revisions"}],"predecessor-version":[{"id":4855,"href":"https:\/\/www.os-tinje.si\/index.php?rest_route=\/wp\/v2\/posts\/4837\/revisions\/4855"}],"wp:attachment":[{"href":"https:\/\/www.os-tinje.si\/index.php?rest_route=%2Fwp%2Fv2%2Fmedia&parent=4837"}],"wp:term":[{"taxonomy":"category","embeddable":true,"href":"https:\/\/www.os-tinje.si\/index.php?rest_route=%2Fwp%2Fv2%2Fcategories&post=4837"},{"taxonomy":"post_tag","embeddable":true,"href":"https:\/\/www.os-tinje.si\/index.php?rest_route=%2Fwp%2Fv2%2Ftags&post=4837"}],"curies":[{"name":"wp","href":"https:\/\/api.w.org\/{rel}","templated":true}]}}