{"id":5581,"date":"2020-08-30T16:43:00","date_gmt":"2020-08-30T14:43:00","guid":{"rendered":"http:\/\/os-tinjenova.splet.arnes.si\/?p=5581"},"modified":"2020-08-30T23:01:46","modified_gmt":"2020-08-30T21:01:46","slug":"obvestilo-prvi-solski-dan-2020","status":"publish","type":"post","link":"https:\/\/www.os-tinje.si\/?p=5581","title":{"rendered":"OBVESTILO PRVI \u0160OLSKI DAN 2020"},"content":{"rendered":"\n<p class=\"has-text-align-left\">Spo\u0161tovani star\u0161i, dragi u\u010denci! <img loading=\"lazy\" decoding=\"async\" width=\"474\" height=\"474\" class=\"wp-image-3551\" style=\"width: 150px\" src=\"http:\/\/os-tinjenova.splet.arnes.si\/files\/2020\/03\/prvi-razred.jpg\" alt=\"\" srcset=\"https:\/\/www.os-tinje.si\/files\/2020\/03\/prvi-razred.jpg 474w, https:\/\/www.os-tinje.si\/files\/2020\/03\/prvi-razred-150x150.jpg 150w, https:\/\/www.os-tinje.si\/files\/2020\/03\/prvi-razred-300x300.jpg 300w\" sizes=\"(max-width: 474px) 100vw, 474px\" \/><\/p>\n\n\n\n<p>PO\u010cITNICE SE PO\u010cASI ZAKLJU\u010cUJEJO in ZARADI koronavirusa covid -19 <br>ZA\u010cENJAMO \u0160OLSKO LETO DRUGA\u010cE KOT DO SEDAJ. <br>V \u0160OLI BODO ZARADI TEGA  VELJALA POSEBNA PRAVILA: <\/p>\n\n\n\n<p><strong><a href=\"http:\/\/os-tinjenova.splet.arnes.si\/files\/2020\/08\/OBVESTILO-star\u0161em-pred-pri\u010detkom-\u0161ole-2.pdf\" target=\"_blank\" rel=\"noreferrer noopener\"><span class=\"has-inline-color has-vivid-red-color\">OBVESTILO-star\u0161em-pred-pri\u010detkom-\u0161ole.pdf<\/span><\/a><\/strong><br><strong><span class=\"has-inline-color has-vivid-red-color\"><br><\/span><a href=\"http:\/\/os-tinjenova.splet.arnes.si\/files\/2020\/08\/Protokol-za-prepre\u010devanje-nalezljivih-bolezni-covid-19.pdf\" target=\"_blank\" rel=\"noreferrer noopener\"><span class=\"has-inline-color has-vivid-red-color\">Protokol-za-prepre\u010devanje-nalezljivih-bolezni-covid-19.pdf<\/span><\/a><\/strong><br><br><a href=\"http:\/\/os-tinjenova.splet.arnes.si\/files\/2020\/08\/modeli-in-priporocila-za-izobra\u017eevanje-v-razmerah-povezanih-s-covid-19.pdf\" target=\"_blank\" rel=\"noreferrer noopener\"><strong><span class=\"has-inline-color has-vivid-red-color\">modeli-in-priporocila-za-izobra\u017eevanje-v-razmerah-povezanih-s-covid-19.pdf<\/span><\/strong><\/a><\/p>\n\n\n\n<p>V TOREK, 1. septembra 2020, vas pri\u010dakujemo na prvi \u0161olski dan.<\/p>\n\n\n\n<p><strong><span class=\"has-inline-color has-vivid-cyan-blue-color\">Prvo\u0161ol\u010dki se zberejo skupaj s star\u0161i ob 8.15 v jedilnici \u0161ole, kjer jih bo sprejela razredni\u010darka.  <br>Vabilo so prejeli po navadni po\u0161ti. <\/span><\/strong>   <a rel=\"noreferrer noopener\" href=\"http:\/\/os-tinjenova.splet.arnes.si\/files\/2020\/08\/VABILO-ZA-PRVO\u0160OLCE-PO\u0160TA.pdf\" target=\"_blank\"><strong><span class=\"has-inline-color has-vivid-red-color\">VABILO-ZA-PRVO\u0160OLCE-PO\u0160TA.pdf<\/span><\/strong><\/a><br><\/p>\n\n\n\n<p><strong><span class=\"has-inline-color has-vivid-cyan-blue-color\">U\u010denci od 2. do 9. razreda se zberejo ob 7.45 v svojih mati\u010dnih u\u010dilnicah, kjer jih bodo sprejeli razredniki.<\/span><\/strong><br><\/p>\n\n\n\n<p>Malica bo po urniku: <\/p>\n\n\n\n<ul class=\"wp-block-list\"><li><strong>za u\u010dence od 2. do 5. razreda od 8.55 &#8211; 9.15<\/strong><\/li><li><strong>za u\u010dence od 6. do 9. razreda od 9.20 &#8211; 9.40<\/strong><\/li><\/ul>\n\n\n\n<p><br>Prvi \u0161olski dan zajtrka in kosila ne bo.<\/p>\n\n\n\n<p><strong><span class=\"has-inline-color has-vivid-red-color\">S seboj prinesite torbo, v katero boste lahko pospravili u\u010dbenike, copate, bele\u017eko in pisalo.<br>U\u010denci od 3. do 9. razreda boste prejeli klju\u010de garderobnih omaric, zato imejte s seboj obeske za klju\u010de.<\/span><\/strong><\/p>\n\n\n\n<p>Podalj\u0161ano bivanje prvi \u0161olski dan ne bo organizirano, poskrbeli bomo za varstvo u\u010dencev.<br><\/p>\n\n\n\n<p>Prvi <span class=\"has-inline-color has-vivid-purple-color\"><strong>odhod domov<\/strong><\/span> v smer Planina bo ob <span class=\"has-inline-color has-vivid-purple-color\"><strong>10.45,<\/strong><\/span> nato v smeri Juri\u0161na vas  &#8211; Turi\u0161ka vas in nazadnje \u0161e za smer Tinjska gora, Slovenska Bistrica. <\/p>\n\n\n\n<p><strong>Vsem u\u010dencem  \u017eelimo uspe\u0161en za\u010detek \u0161olskega leta. <\/strong><br><\/p>\n","protected":false},"excerpt":{"rendered":"<p>Spo\u0161tovani star\u0161i, dragi u\u010denci! PO\u010cITNICE SE PO\u010cASI ZAKLJU\u010cUJEJO in ZARADI koronavirusa covid -19 ZA\u010cENJAMO \u0160OLSKO LETO DRUGA\u010cE KOT DO SEDAJ. V \u0160OLI BODO ZARADI TEGA VELJALA POSEBNA PRAVILA: OBVESTILO-star\u0161em-pred-pri\u010detkom-\u0161ole.pdfProtokol-za-prepre\u010devanje-nalezljivih-bolezni-covid-19.pdf modeli-in-priporocila-za-izobra\u017eevanje-v-razmerah-povezanih-s-covid-19.pdf V TOREK, 1. septembra 2020, vas pri\u010dakujemo na prvi \u0161olski dan. Prvo\u0161ol\u010dki se zberejo skupaj s star\u0161i ob 8.15 v jedilnici \u0161ole, kjer jih bo [&hellip;]<\/p>\n","protected":false},"author":2887,"featured_media":0,"comment_status":"closed","ping_status":"closed","sticky":false,"template":"","format":"standard","meta":{"_et_pb_use_builder":"off","_et_pb_old_content":"<!-- wp:paragraph -->\n<p>Spo\u0161tovani star\u0161i, dragi u\u010denci!<\/p>\n<!-- \/wp:paragraph -->\n\n<!-- wp:paragraph -->\n<p>PO\u010cITNICE SE PO\u010cASI ZAKLJU\u010cUJEJO in ZARADI koronavirusa covid -19 <br>ZA\u010cENJAMO \u0160OLSKO LETO DRUGA\u010cE KOT DO SEDAJ. <br>V \u0160OLI BODO ZARADI TEGA  VELJALA POSEBNA PRAVILA:<\/p>\n<!-- \/wp:paragraph -->\n\n<!-- wp:paragraph -->\n<p><\/p>\n<!-- \/wp:paragraph -->\n\n<!-- wp:paragraph -->\n<p>V TOREK, 1. septembra 2020, vas pri\u010dakujemo na prvi \u0161olski dan.<\/p>\n<!-- \/wp:paragraph -->\n\n<!-- wp:paragraph -->\n<p>Prvo\u0161ol\u010dki se zberejo skupaj s star\u0161i ob<strong> 8.15 <\/strong>v jedilnici \u0161ole, kjer jih bo sprejela razredni\u010darka.  Vabilo so prejeli po navadni po\u0161ti. <br>U\u010denci od 2. do 9. razreda se zberejo ob 7.45 v svojih mati\u010dnih u\u010dilnicah, kjer jih bodo sprejeli razredniki.<br>Malica bo po urniku: <\/p>\n<!-- \/wp:paragraph -->\n\n<!-- wp:list -->\n<ul><li>za<strong> u\u010dence od 2. do 5. razreda od 8.55 - 9.15<\/strong><\/li><li><strong>za u\u010dence od 6. do 9. razreda od 9.20 - 9.40<\/strong><\/li><\/ul>\n<!-- \/wp:list -->\n\n<!-- wp:paragraph -->\n<p><br>Prvi \u0161olski dan zajtrka in kosila ne bo.<\/p>\n<!-- \/wp:paragraph -->\n\n<!-- wp:paragraph -->\n<p><strong>S seboj prinesite torbo, v katero boste lahko pospravili u\u010dbenike, copate, bele\u017eko in pisalo.<br>U\u010denci od 3. do 9. razreda boste prejeli klju\u010de garderobnih omaric, zato imeje s seboj obe<\/strong>ske za klju\u010de.<\/p>\n<!-- \/wp:paragraph -->\n\n<!-- wp:paragraph -->\n<p>Podalj\u0161ano bivanje prvi \u0161olski dan ne bo organizirano, poskrbeli bomo za varstvo u\u010dencev.<br><\/p>\n<!-- \/wp:paragraph -->\n\n<!-- wp:paragraph -->\n<p>Prvi odhod domov v smer Planina bo ob 10.45, nato v smeri Juri\u0161na vas  - Turi\u0161ka vas in nazadnje \u0161e za smer Tinjska gora, Slovenska Bistrica. <\/p>\n<!-- \/wp:paragraph -->\n\n<!-- wp:paragraph -->\n<p>Vsem u\u010dencem v novem \u0161olskem letu 2020\/2021 \u017eelimo dobro po\u010dutje v \u0161oli in veliko znanja in uspehov.<\/p>\n<!-- \/wp:paragraph -->","_et_gb_content_width":"","ngg_post_thumbnail":0,"footnotes":""},"categories":[1],"tags":[],"class_list":["post-5581","post","type-post","status-publish","format-standard","hentry","category-nerazvrsceno"],"_links":{"self":[{"href":"https:\/\/www.os-tinje.si\/index.php?rest_route=\/wp\/v2\/posts\/5581","targetHints":{"allow":["GET"]}}],"collection":[{"href":"https:\/\/www.os-tinje.si\/index.php?rest_route=\/wp\/v2\/posts"}],"about":[{"href":"https:\/\/www.os-tinje.si\/index.php?rest_route=\/wp\/v2\/types\/post"}],"author":[{"embeddable":true,"href":"https:\/\/www.os-tinje.si\/index.php?rest_route=\/wp\/v2\/users\/2887"}],"replies":[{"embeddable":true,"href":"https:\/\/www.os-tinje.si\/index.php?rest_route=%2Fwp%2Fv2%2Fcomments&post=5581"}],"version-history":[{"count":16,"href":"https:\/\/www.os-tinje.si\/index.php?rest_route=\/wp\/v2\/posts\/5581\/revisions"}],"predecessor-version":[{"id":5637,"href":"https:\/\/www.os-tinje.si\/index.php?rest_route=\/wp\/v2\/posts\/5581\/revisions\/5637"}],"wp:attachment":[{"href":"https:\/\/www.os-tinje.si\/index.php?rest_route=%2Fwp%2Fv2%2Fmedia&parent=5581"}],"wp:term":[{"taxonomy":"category","embeddable":true,"href":"https:\/\/www.os-tinje.si\/index.php?rest_route=%2Fwp%2Fv2%2Fcategories&post=5581"},{"taxonomy":"post_tag","embeddable":true,"href":"https:\/\/www.os-tinje.si\/index.php?rest_route=%2Fwp%2Fv2%2Ftags&post=5581"}],"curies":[{"name":"wp","href":"https:\/\/api.w.org\/{rel}","templated":true}]}}