{"id":5643,"date":"2020-09-07T20:29:45","date_gmt":"2020-09-07T18:29:45","guid":{"rendered":"http:\/\/os-tinjenova.splet.arnes.si\/?p=5643"},"modified":"2020-09-07T20:54:30","modified_gmt":"2020-09-07T18:54:30","slug":"5643","status":"publish","type":"post","link":"https:\/\/www.os-tinje.si\/?p=5643","title":{"rendered":"VABILO NA 1. SKUPNI RODITELJSKI SESTANEK"},"content":{"rendered":"<p>[et_pb_section fb_built=&#8221;1&#8243; _builder_version=&#8221;4.5.7&#8243; _module_preset=&#8221;default&#8221; custom_padding=&#8221;|||0px||&#8221;][et_pb_row _builder_version=&#8221;4.5.7&#8243; _module_preset=&#8221;default&#8221;][et_pb_column type=&#8221;4_4&#8243; _builder_version=&#8221;4.5.7&#8243; _module_preset=&#8221;default&#8221;][et_pb_text _builder_version=&#8221;4.5.7&#8243; _module_preset=&#8221;default&#8221;]<\/p>\n<p><strong>Zaradi ukrepov povezanih z covid-19 bo sestanek potekal v dveh delih. Star\u0161em, ki imajo otroke npr. v 4. in 7. razredu, se ni potrebno udele\u017eiti\u00a0 <\/strong><strong>obeh sestankov.<\/strong><\/p>\n<p><strong>Spo\u0161tovani star\u0161i u\u010dencev 2., 3., 4., 5. \u00a0razreda!<\/strong><\/p>\n<p>Vabim Vas na <strong>1. skupni roditeljski sestanek<\/strong>, ki bo v <span style=\"color: #e02b20\">torek, 8. septembra 2020, ob 16. 00 uri\u00a0 v jedilnici \u0161ole.<\/span><\/p>\n<p>&nbsp;<\/p>\n<p><strong>Spo\u0161tovani star\u0161i u\u010dencev 6., 7., 8., 9. \u00a0razreda!<\/strong><\/p>\n<p>Vabim Vas na <strong>1. skupni roditeljski sestanek<\/strong>, ki bo v <span style=\"color: #e02b20\">sredo, 9. septembra 2020, ob 16. 00 uri\u00a0 v jedilnici \u0161ole.<\/span><\/p>\n<p><strong>DNEVNI RED:<\/strong><\/p>\n<ol>\n<li><strong> <\/strong><strong>Poro\u010dilo o realizaciji LDN v \u0161olskem letu 2019\/2020 in predstavitev temeljnih nalog in novosti v novem \u0161olskem letu.<\/strong><\/li>\n<li><strong> <\/strong><strong>Ukrepi in priporo\u010dila povezana s covid-19.<\/strong><\/li>\n<li><strong>Razno, pobude in predlogi.<\/strong><\/li>\n<\/ol>\n<p><strong>\u00a0<\/strong><\/p>\n<p>Po skupnem sestanku bodo v mati\u010dnih u\u010dilnicah potekali \u0161e kratki sestanki z razredni\u010darkami.<\/p>\n<p>&nbsp;<\/p>\n<p><em>Zaradi zahtevanih ukrepov povezanih s covid -19 vas prosim, da se sestanka udele\u017eite le, \u010de ste bili v zadnjih 14 dneh zdravi in niste bili v stiku z osebo, pri kateri je bila potrjena oku\u017eba s covid-19. <\/em><\/p>\n<p><em>Na sestanku nosite za\u0161\u010ditno masko.<\/em><\/p>\n<p><em>\u00a0<\/em><\/p>\n<p>Hvala za razumevanje.\u00a0\u00a0\u00a0\u00a0<br \/>Alojzija mu\u0161i\u010d, v. d. ravnateljice \u00a0\u00a0\u00a0<\/p>\n<p>&nbsp;<\/p>\n<p>[\/et_pb_text][\/et_pb_column][\/et_pb_row][\/et_pb_section]<\/p>\n","protected":false},"excerpt":{"rendered":"<p>Zaradi ukrepov povezanih z covid-19 bo sestanek potekal v dveh delih. Star\u0161em, ki imajo otroke npr. v 4. in 7. razredu, se ni potrebno udele\u017eiti\u00a0 obeh sestankov. Spo\u0161tovani star\u0161i u\u010dencev 2., 3., 4., 5. \u00a0razreda! Vabim Vas na 1. skupni roditeljski sestanek, ki bo v torek, 8. septembra 2020, ob 16. 00 uri\u00a0 v jedilnici [&hellip;]<\/p>\n","protected":false},"author":2887,"featured_media":0,"comment_status":"closed","ping_status":"closed","sticky":false,"template":"","format":"standard","meta":{"_et_pb_use_builder":"on","_et_pb_old_content":"","_et_gb_content_width":"","ngg_post_thumbnail":0,"footnotes":""},"categories":[1],"tags":[],"class_list":["post-5643","post","type-post","status-publish","format-standard","hentry","category-nerazvrsceno"],"_links":{"self":[{"href":"https:\/\/www.os-tinje.si\/index.php?rest_route=\/wp\/v2\/posts\/5643","targetHints":{"allow":["GET"]}}],"collection":[{"href":"https:\/\/www.os-tinje.si\/index.php?rest_route=\/wp\/v2\/posts"}],"about":[{"href":"https:\/\/www.os-tinje.si\/index.php?rest_route=\/wp\/v2\/types\/post"}],"author":[{"embeddable":true,"href":"https:\/\/www.os-tinje.si\/index.php?rest_route=\/wp\/v2\/users\/2887"}],"replies":[{"embeddable":true,"href":"https:\/\/www.os-tinje.si\/index.php?rest_route=%2Fwp%2Fv2%2Fcomments&post=5643"}],"version-history":[{"count":4,"href":"https:\/\/www.os-tinje.si\/index.php?rest_route=\/wp\/v2\/posts\/5643\/revisions"}],"predecessor-version":[{"id":5657,"href":"https:\/\/www.os-tinje.si\/index.php?rest_route=\/wp\/v2\/posts\/5643\/revisions\/5657"}],"wp:attachment":[{"href":"https:\/\/www.os-tinje.si\/index.php?rest_route=%2Fwp%2Fv2%2Fmedia&parent=5643"}],"wp:term":[{"taxonomy":"category","embeddable":true,"href":"https:\/\/www.os-tinje.si\/index.php?rest_route=%2Fwp%2Fv2%2Fcategories&post=5643"},{"taxonomy":"post_tag","embeddable":true,"href":"https:\/\/www.os-tinje.si\/index.php?rest_route=%2Fwp%2Fv2%2Ftags&post=5643"}],"curies":[{"name":"wp","href":"https:\/\/api.w.org\/{rel}","templated":true}]}}