{"id":5841,"date":"2020-10-30T15:46:01","date_gmt":"2020-10-30T14:46:01","guid":{"rendered":"http:\/\/os-tinjenova.splet.arnes.si\/?p=5841"},"modified":"2020-10-30T16:17:26","modified_gmt":"2020-10-30T15:17:26","slug":"podaljsane-jesenske-pocitnice-se-za-en-teden","status":"publish","type":"post","link":"https:\/\/www.os-tinje.si\/?p=5841","title":{"rendered":"Podalj\u0161ane jesenske po\u010ditnice \u0161e za en teden"},"content":{"rendered":"<p style=\"text-align: center\"><span style=\"color: #000000\">Spo\u0161tovani star\u0161i, u\u010denke in u\u010denci.<\/span><\/p>\n<p><span style=\"color: #000000\">Zaradi poslab\u0161anja epidemiolo\u0161kih razmer v dr\u017eavi je Vlada RS 30. 10. 2020 sprejela odlo\u010ditev o podalj\u0161anju trenutno veljavnih ukrepov. Ministrica za izobra\u017eevanje, znanost in \u0161port je skladno s pristojnostmi izdala sklep, s katerim je dolo\u010dila, da se, zaradi poslab\u0161anja epidemiolo\u0161ke situacije in prepre\u010devanja prenosa oku\u017eb s SARS-CoV-2, jesenske po\u010ditnice podalj\u0161ajo <strong>do 8. 11. 2020.<\/strong> <\/span><\/p>\n<p style=\"text-align: center\"><span style=\"color: #000000\"><strong>O nadaljnih ukrepih boste obve\u0161\u010deni tudi preko spletne strani \u0161ole.<\/strong><\/span><\/p>\n<p style=\"text-align: center\"><span style=\"color: #000000\"><strong>Ostanite zdravi!<\/strong><\/span><span id=\"ContentPlaceHolder1_vsebina_dolga\"><\/span><\/p>\n<p><a href=\"http:\/\/os-tinjenova.splet.arnes.si\/files\/2020\/10\/prazna-u\u010dilnica.jpg\"><img loading=\"lazy\" decoding=\"async\" class=\"size-full wp-image-5843 aligncenter\" src=\"http:\/\/os-tinjenova.splet.arnes.si\/files\/2020\/10\/prazna-u\u010dilnica.jpg\" alt=\"\" width=\"300\" height=\"216\" \/><\/a><\/p>\n","protected":false},"excerpt":{"rendered":"<p>Spo\u0161tovani star\u0161i, u\u010denke in u\u010denci. Zaradi poslab\u0161anja epidemiolo\u0161kih razmer v dr\u017eavi je Vlada RS 30. 10. 2020 sprejela odlo\u010ditev o podalj\u0161anju trenutno veljavnih ukrepov. Ministrica za izobra\u017eevanje, znanost in \u0161port je skladno s pristojnostmi izdala sklep, s katerim je dolo\u010dila, da se, zaradi poslab\u0161anja epidemiolo\u0161ke situacije in prepre\u010devanja prenosa oku\u017eb s SARS-CoV-2, jesenske po\u010ditnice podalj\u0161ajo [&hellip;]<\/p>\n","protected":false},"author":2887,"featured_media":0,"comment_status":"closed","ping_status":"closed","sticky":false,"template":"","format":"standard","meta":{"_et_pb_use_builder":"off","_et_pb_old_content":"","_et_gb_content_width":"","ngg_post_thumbnail":0,"footnotes":""},"categories":[1],"tags":[],"class_list":["post-5841","post","type-post","status-publish","format-standard","hentry","category-nerazvrsceno"],"_links":{"self":[{"href":"https:\/\/www.os-tinje.si\/index.php?rest_route=\/wp\/v2\/posts\/5841","targetHints":{"allow":["GET"]}}],"collection":[{"href":"https:\/\/www.os-tinje.si\/index.php?rest_route=\/wp\/v2\/posts"}],"about":[{"href":"https:\/\/www.os-tinje.si\/index.php?rest_route=\/wp\/v2\/types\/post"}],"author":[{"embeddable":true,"href":"https:\/\/www.os-tinje.si\/index.php?rest_route=\/wp\/v2\/users\/2887"}],"replies":[{"embeddable":true,"href":"https:\/\/www.os-tinje.si\/index.php?rest_route=%2Fwp%2Fv2%2Fcomments&post=5841"}],"version-history":[{"count":2,"href":"https:\/\/www.os-tinje.si\/index.php?rest_route=\/wp\/v2\/posts\/5841\/revisions"}],"predecessor-version":[{"id":5847,"href":"https:\/\/www.os-tinje.si\/index.php?rest_route=\/wp\/v2\/posts\/5841\/revisions\/5847"}],"wp:attachment":[{"href":"https:\/\/www.os-tinje.si\/index.php?rest_route=%2Fwp%2Fv2%2Fmedia&parent=5841"}],"wp:term":[{"taxonomy":"category","embeddable":true,"href":"https:\/\/www.os-tinje.si\/index.php?rest_route=%2Fwp%2Fv2%2Fcategories&post=5841"},{"taxonomy":"post_tag","embeddable":true,"href":"https:\/\/www.os-tinje.si\/index.php?rest_route=%2Fwp%2Fv2%2Ftags&post=5841"}],"curies":[{"name":"wp","href":"https:\/\/api.w.org\/{rel}","templated":true}]}}