{"id":6076,"date":"2021-01-08T13:30:11","date_gmt":"2021-01-08T12:30:11","guid":{"rendered":"http:\/\/os-tinjenova.splet.arnes.si\/?p=6076"},"modified":"2021-01-09T22:07:18","modified_gmt":"2021-01-09T21:07:18","slug":"spominjamo-se-padca-pohorskega-bataljona","status":"publish","type":"post","link":"https:\/\/www.os-tinje.si\/?p=6076","title":{"rendered":"Spominjamo se padca Pohorskega bataljona &#8230;"},"content":{"rendered":"<h3 style=\"text-align: center\"><span style=\"color: #000000\">Na dana\u0161nji dan, 8. januarja, se spominjamo 78. obletnice padlih bork in borcev ter njihovega boja pri Treh \u017eebljih na Osankarici. <\/span><\/h3>\n<h3 style=\"text-align: center\"><span style=\"color: #000000\">Leto\u0161nja slovesnost je bila zaradi razmer druga\u010dna, kot smo je vajeni. Kljub temu sta predsednik dr\u017eave Borut Pahor in \u017eupan ob\u010dine Slovenska Bistrica Ivan \u017dagar k spomeniku polo\u017eila venec.<\/span><\/h3>\n<h3 style=\"text-align: center\"><span style=\"color: #000000\">Prilo\u017eena je PPT-predstavitev <span style=\"color: #ff0000\"><a style=\"color: #ff0000\" href=\"http:\/\/os-tinjenova.splet.arnes.si\/files\/2021\/01\/Obletnica-padca-Pohorskega-bataljona-2.pptx\">Obletnica padca Pohorskega bataljona<\/a><\/span>, ki jo je pripravil u\u010ditelj Igor Javernik, osve\u017eite znanje in spomin ter si jo oglejte.<\/span><\/h3>\n<p><a href=\"http:\/\/os-tinjenova.splet.arnes.si\/files\/2021\/01\/19bfc04c1f55f566e55c_62502992.jpg\"><img loading=\"lazy\" decoding=\"async\" class=\"wp-image-6078 aligncenter\" src=\"http:\/\/os-tinjenova.splet.arnes.si\/files\/2021\/01\/19bfc04c1f55f566e55c_62502992-300x200.jpg\" alt=\"\" width=\"308\" height=\"205\" \/><\/a><\/p>\n<p>Vir slike:\u00a0<a href=\"https:\/\/www.24ur.com\/novice\/slovenija\/pahor-polozil-venec-k-spominskemu-obelezju-na-osankarici.html\">https:\/\/www.24ur.com\/novice\/slovenija\/pahor-polozil-venec-k-spominskemu-obelezju-na-osankarici.html<\/a><\/p>\n","protected":false},"excerpt":{"rendered":"<p>Na dana\u0161nji dan, 8. januarja, se spominjamo 78. obletnice padlih bork in borcev ter njihovega boja pri Treh \u017eebljih na Osankarici. Leto\u0161nja slovesnost je bila zaradi razmer druga\u010dna, kot smo je vajeni. Kljub temu sta predsednik dr\u017eave Borut Pahor in \u017eupan ob\u010dine Slovenska Bistrica Ivan \u017dagar k spomeniku polo\u017eila venec. Prilo\u017eena je PPT-predstavitev Obletnica padca [&hellip;]<\/p>\n","protected":false},"author":72829,"featured_media":0,"comment_status":"closed","ping_status":"closed","sticky":false,"template":"","format":"standard","meta":{"_et_pb_use_builder":"off","_et_pb_old_content":"","_et_gb_content_width":"","ngg_post_thumbnail":0,"footnotes":""},"categories":[1],"tags":[],"class_list":["post-6076","post","type-post","status-publish","format-standard","hentry","category-nerazvrsceno"],"_links":{"self":[{"href":"https:\/\/www.os-tinje.si\/index.php?rest_route=\/wp\/v2\/posts\/6076","targetHints":{"allow":["GET"]}}],"collection":[{"href":"https:\/\/www.os-tinje.si\/index.php?rest_route=\/wp\/v2\/posts"}],"about":[{"href":"https:\/\/www.os-tinje.si\/index.php?rest_route=\/wp\/v2\/types\/post"}],"author":[{"embeddable":true,"href":"https:\/\/www.os-tinje.si\/index.php?rest_route=\/wp\/v2\/users\/72829"}],"replies":[{"embeddable":true,"href":"https:\/\/www.os-tinje.si\/index.php?rest_route=%2Fwp%2Fv2%2Fcomments&post=6076"}],"version-history":[{"count":6,"href":"https:\/\/www.os-tinje.si\/index.php?rest_route=\/wp\/v2\/posts\/6076\/revisions"}],"predecessor-version":[{"id":6097,"href":"https:\/\/www.os-tinje.si\/index.php?rest_route=\/wp\/v2\/posts\/6076\/revisions\/6097"}],"wp:attachment":[{"href":"https:\/\/www.os-tinje.si\/index.php?rest_route=%2Fwp%2Fv2%2Fmedia&parent=6076"}],"wp:term":[{"taxonomy":"category","embeddable":true,"href":"https:\/\/www.os-tinje.si\/index.php?rest_route=%2Fwp%2Fv2%2Fcategories&post=6076"},{"taxonomy":"post_tag","embeddable":true,"href":"https:\/\/www.os-tinje.si\/index.php?rest_route=%2Fwp%2Fv2%2Ftags&post=6076"}],"curies":[{"name":"wp","href":"https:\/\/api.w.org\/{rel}","templated":true}]}}