{"id":6233,"date":"2021-02-08T11:31:42","date_gmt":"2021-02-08T10:31:42","guid":{"rendered":"http:\/\/os-tinjenova.splet.arnes.si\/?p=6233"},"modified":"2021-02-08T11:36:57","modified_gmt":"2021-02-08T10:36:57","slug":"obelezujemo-slovenski-kulturni-praznik","status":"publish","type":"post","link":"https:\/\/www.os-tinje.si\/?p=6233","title":{"rendered":"OBELE\u017dUJEMO SLOVENSKI KULTURNI PRAZNIK"},"content":{"rendered":"<h2 style=\"text-align: center\"><span style=\"color: #333333\"><strong><em>Prvi mesec leta 2021 je za nami, zakorakali smo \u017ee v drug mesec, mesec februar, za katerega lahko re\u010demo, da je hkrati mesec smrti in mesec ljubezni. Zakaj? Zato ker danes, 8. februarja, obele\u017eujemo Pre\u0161ernov dan, slovenski kulturni praznik, ko se spomnimo smrti 1849. leta umrlega Franceta Pre\u0161erna. Slab teden dni za tem, 14. februarja, pa sledi praznik zaljubljenih, valentinovo.\u00a0<\/em><\/strong><\/span><\/h2>\n<p><a href=\"http:\/\/os-tinjenova.splet.arnes.si\/files\/2021\/02\/DSC_1027.jpg\"><img loading=\"lazy\" decoding=\"async\" class=\" wp-image-6236 aligncenter\" src=\"http:\/\/os-tinjenova.splet.arnes.si\/files\/2021\/02\/DSC_1027-300x206.jpg\" alt=\"\" width=\"451\" height=\"311\" \/><\/a><\/p>\n<h3><\/h3>\n<h3 style=\"text-align: center\"><span style=\"color: #333333\">Slovenski kulturni praznik, ki ga v Sloveniji praznujemo danes, bo letos zaradi trenutnih razmer v veliki meri obele\u017een v digitalnem okolju.<\/span><\/h3>\n<h3 style=\"text-align: center\"><span style=\"color: #333333\">Tudi kolektiv O\u0160 Partizanska bolni\u0161nica Jesen Tinje vam ob slovenskem kultu<\/span>rnem <span style=\"color: #333333\">prazniku poklanja ponoven ogled proslave, ki smo jo pripravili skupaj z u\u010denci. <\/span><\/h3>\n<h3 style=\"text-align: center\"><span style=\"color: #333333\">Ogled proslave je mo\u017een na spodnji povezavi:\u00a0<strong><span style=\"color: #ff0000\"><a style=\"color: #ff0000\" href=\"https:\/\/youtu.be\/UOSOJ_32d7I\">https:\/\/youtu.be\/UOSOJ_32d7I<\/a><\/span><\/strong><\/span><\/h3>\n<h3><\/h3>\n<h3 style=\"text-align: right\">\u017delimo vam lep dan, poln kulture! Kolektiv O\u0160 Partizanska bolni\u0161nica Jesen Tinje<\/h3>\n","protected":false},"excerpt":{"rendered":"<p>Prvi mesec leta 2021 je za nami, zakorakali smo \u017ee v drug mesec, mesec februar, za katerega lahko re\u010demo, da je hkrati mesec smrti in mesec ljubezni. Zakaj? Zato ker danes, 8. februarja, obele\u017eujemo Pre\u0161ernov dan, slovenski kulturni praznik, ko se spomnimo smrti 1849. leta umrlega Franceta Pre\u0161erna. Slab teden dni za tem, 14. februarja, [&hellip;]<\/p>\n","protected":false},"author":72829,"featured_media":0,"comment_status":"closed","ping_status":"closed","sticky":false,"template":"","format":"standard","meta":{"_et_pb_use_builder":"off","_et_pb_old_content":"","_et_gb_content_width":"","ngg_post_thumbnail":0,"footnotes":""},"categories":[1],"tags":[],"class_list":["post-6233","post","type-post","status-publish","format-standard","hentry","category-nerazvrsceno"],"_links":{"self":[{"href":"https:\/\/www.os-tinje.si\/index.php?rest_route=\/wp\/v2\/posts\/6233","targetHints":{"allow":["GET"]}}],"collection":[{"href":"https:\/\/www.os-tinje.si\/index.php?rest_route=\/wp\/v2\/posts"}],"about":[{"href":"https:\/\/www.os-tinje.si\/index.php?rest_route=\/wp\/v2\/types\/post"}],"author":[{"embeddable":true,"href":"https:\/\/www.os-tinje.si\/index.php?rest_route=\/wp\/v2\/users\/72829"}],"replies":[{"embeddable":true,"href":"https:\/\/www.os-tinje.si\/index.php?rest_route=%2Fwp%2Fv2%2Fcomments&post=6233"}],"version-history":[{"count":5,"href":"https:\/\/www.os-tinje.si\/index.php?rest_route=\/wp\/v2\/posts\/6233\/revisions"}],"predecessor-version":[{"id":6242,"href":"https:\/\/www.os-tinje.si\/index.php?rest_route=\/wp\/v2\/posts\/6233\/revisions\/6242"}],"wp:attachment":[{"href":"https:\/\/www.os-tinje.si\/index.php?rest_route=%2Fwp%2Fv2%2Fmedia&parent=6233"}],"wp:term":[{"taxonomy":"category","embeddable":true,"href":"https:\/\/www.os-tinje.si\/index.php?rest_route=%2Fwp%2Fv2%2Fcategories&post=6233"},{"taxonomy":"post_tag","embeddable":true,"href":"https:\/\/www.os-tinje.si\/index.php?rest_route=%2Fwp%2Fv2%2Ftags&post=6233"}],"curies":[{"name":"wp","href":"https:\/\/api.w.org\/{rel}","templated":true}]}}