{"id":903,"date":"2014-11-20T22:38:42","date_gmt":"2014-11-20T21:38:42","guid":{"rendered":"http:\/\/os-tinjenova.splet.arnes.si\/?p=903"},"modified":"2014-11-20T22:46:29","modified_gmt":"2014-11-20T21:46:29","slug":"tradicionalni-slovenski-zajtrk","status":"publish","type":"post","link":"https:\/\/www.os-tinje.si\/?p=903","title":{"rendered":"TRADICIONALNI SLOVENSKI ZAJTRK"},"content":{"rendered":"<p><span style=\"color: #000000\">Tradicionalni slovenski zajtrk je vsakoletni dogodek, s katerim \u017eelimo u\u010dencem pribli\u017eati pomen lokalno pridelane in predelane hrane ter zdravega na\u010dina prehranjevanja. Z njim \u017eelimo ozave\u0161\u010dati o:<\/span><\/p>\n<ul>\n<li><span style=\"color: #000000\"> pomenu in prednostih lokalno pridelanih \u017eivil v na\u0161i prehrani,<\/span><\/li>\n<li><span style=\"color: #000000\">pomenu doma\u010de pridelave in predelave,<\/span><\/li>\n<li><span style=\"color: #000000\"> pomenu zajtrka v okviru prehranjevalnih navad.<\/span><\/li>\n<\/ul>\n<p><span style=\"color: #000000\">Tudi na na\u0161i \u0161oli bomo <strong>v petek, 21. 11. 2014, ob 7.30<\/strong> izvedli<\/span><strong> Tradicionalni slovenski zajtrk.<\/strong><br \/>\n<span style=\"color: #000000\"> Zato vse u\u010dence pred pri\u010detkom pouka vabimo na zajtrk v \u0161olsko jedilnico.<\/span><\/p>\n<p><a href=\"http:\/\/os-tinjenova.splet.arnes.si\/files\/2014\/11\/tradicionalni-zajtrk.jpg\"><img loading=\"lazy\" decoding=\"async\" class=\"alignleft  wp-image-906\" src=\"http:\/\/os-tinjenova.splet.arnes.si\/files\/2014\/11\/tradicionalni-zajtrk-300x239.jpg\" alt=\"tradicionalni zajtrk\" width=\"251\" height=\"200\" srcset=\"https:\/\/www.os-tinje.si\/files\/2014\/11\/tradicionalni-zajtrk-300x239.jpg 300w, https:\/\/www.os-tinje.si\/files\/2014\/11\/tradicionalni-zajtrk.jpg 724w\" sizes=\"(max-width: 251px) 100vw, 251px\" \/><\/a>\u00a0\u00a0\u00a0\u00a0\u00a0\u00a0\u00a0\u00a0\u00a0\u00a0\u00a0\u00a0\u00a0\u00a0\u00a0 <a href=\"http:\/\/os-tinjenova.splet.arnes.si\/files\/2014\/11\/tradicionalni_slovenski_zajtrk_vrtec_sola.png\"><img loading=\"lazy\" decoding=\"async\" class=\"alignnone  wp-image-907\" src=\"http:\/\/os-tinjenova.splet.arnes.si\/files\/2014\/11\/tradicionalni_slovenski_zajtrk_vrtec_sola-183x300.png\" alt=\"tradicionalni_slovenski_zajtrk_vrtec_sola\" width=\"169\" height=\"277\" srcset=\"https:\/\/www.os-tinje.si\/files\/2014\/11\/tradicionalni_slovenski_zajtrk_vrtec_sola-183x300.png 183w, https:\/\/www.os-tinje.si\/files\/2014\/11\/tradicionalni_slovenski_zajtrk_vrtec_sola.png 390w\" sizes=\"(max-width: 169px) 100vw, 169px\" \/><\/a><\/p>\n","protected":false},"excerpt":{"rendered":"<p>Tradicionalni slovenski zajtrk je vsakoletni dogodek, s katerim \u017eelimo u\u010dencem pribli\u017eati pomen lokalno pridelane in predelane hrane ter zdravega na\u010dina prehranjevanja. Z njim \u017eelimo ozave\u0161\u010dati o: pomenu in prednostih lokalno pridelanih \u017eivil v na\u0161i prehrani, pomenu doma\u010de pridelave in predelave, pomenu zajtrka v okviru prehranjevalnih navad. Tudi na na\u0161i \u0161oli bomo v petek, 21. 11. [&hellip;]<\/p>\n","protected":false},"author":2887,"featured_media":0,"comment_status":"closed","ping_status":"closed","sticky":false,"template":"","format":"standard","meta":{"_et_pb_use_builder":"","_et_pb_old_content":"","_et_gb_content_width":"","ngg_post_thumbnail":0,"footnotes":""},"categories":[1],"tags":[],"class_list":["post-903","post","type-post","status-publish","format-standard","hentry","category-nerazvrsceno"],"_links":{"self":[{"href":"https:\/\/www.os-tinje.si\/index.php?rest_route=\/wp\/v2\/posts\/903","targetHints":{"allow":["GET"]}}],"collection":[{"href":"https:\/\/www.os-tinje.si\/index.php?rest_route=\/wp\/v2\/posts"}],"about":[{"href":"https:\/\/www.os-tinje.si\/index.php?rest_route=\/wp\/v2\/types\/post"}],"author":[{"embeddable":true,"href":"https:\/\/www.os-tinje.si\/index.php?rest_route=\/wp\/v2\/users\/2887"}],"replies":[{"embeddable":true,"href":"https:\/\/www.os-tinje.si\/index.php?rest_route=%2Fwp%2Fv2%2Fcomments&post=903"}],"version-history":[{"count":3,"href":"https:\/\/www.os-tinje.si\/index.php?rest_route=\/wp\/v2\/posts\/903\/revisions"}],"predecessor-version":[{"id":909,"href":"https:\/\/www.os-tinje.si\/index.php?rest_route=\/wp\/v2\/posts\/903\/revisions\/909"}],"wp:attachment":[{"href":"https:\/\/www.os-tinje.si\/index.php?rest_route=%2Fwp%2Fv2%2Fmedia&parent=903"}],"wp:term":[{"taxonomy":"category","embeddable":true,"href":"https:\/\/www.os-tinje.si\/index.php?rest_route=%2Fwp%2Fv2%2Fcategories&post=903"},{"taxonomy":"post_tag","embeddable":true,"href":"https:\/\/www.os-tinje.si\/index.php?rest_route=%2Fwp%2Fv2%2Ftags&post=903"}],"curies":[{"name":"wp","href":"https:\/\/api.w.org\/{rel}","templated":true}]}}